{"id":152,"date":"2023-02-28T20:02:32","date_gmt":"2023-02-28T20:02:32","guid":{"rendered":"https:\/\/www.uniupc.it\/?p=152"},"modified":"2023-03-29T13:55:42","modified_gmt":"2023-03-29T13:55:42","slug":"il-cda-e-struttura-organizzativa","status":"publish","type":"post","link":"https:\/\/www.uniupc.it\/?p=152","title":{"rendered":"L&#8217;Organigramma dell&#8217;Universit\u00e0."},"content":{"rendered":"\n<div class=\"wp-block-group\"><div class=\"wp-block-group__inner-container is-layout-constrained wp-block-group-is-layout-constrained\">\n<div class=\"wp-block-group has-tan-background-color has-background is-vertical is-content-justification-left is-layout-flex wp-container-core-group-is-layout-54b130d6 wp-block-group-is-layout-flex\">\n<p class=\"wp-block-paragraph\"><strong>Ai sensi dello Statuto vigente gli organi dell&#8217;Universit\u00e0 sono (art. 6 dello Statuto): L&#8217;Assemblea dei Soci (Soci fondatori, soci onorari, soci docenti e soci aderenti), ai sensi dell&#8217;art. 8 dello Statuto; Consiglio di Amministrazione (o CdA), ai sensi dell&#8217; art. 9 dello Statuto; Consiglio Accademico, ai sensi dell&#8217;art. 13 dello Statuto; Comitato d&#8217;Onore, art. 5 comma <em>b<\/em> dello Statuto e art. 17 del Regolamento.<\/strong><\/p>\n<\/div>\n<\/div><\/div>\n\n\n\n<h3 class=\"wp-block-heading\">L&#8217;Assemblea dei Soci.<\/h3>\n\n\n\n<p class=\"wp-block-paragraph\">Essendo un&#8217;Universit\u00e0 Popolare, l&#8217;UPC si basa sull&#8217;apporto di soci in varie categorie.<\/p>\n\n\n\n<p class=\"wp-block-paragraph\">I <strong>Soci fondatori<\/strong>, sono coloro che hanno dato vita all\u2019UPC \u201cMontemurro-D\u2019Ippolito\u201d firmando l\u2019atto costitutivo;<br>i <strong>Soci onorari<\/strong>, non pi\u00f9 di venticinque (25), sono le persone fisiche o giuridiche (rappresentanti legali pro-tempore) scelte per professionalit\u00e0, competenza e particolari benemerenze ritenute considerevoli per l\u2019accrescimento del prestigio, della crescita e dell\u2019efficienza dell\u2019UPC. La nomina a socio onorario \u00e8 proposta dal Presidente o dal Rettore ed \u00e8 ratificata dal Consiglio di Amministrazione. \u00c8 socio onorario, di diritto, l\u2019Istituto delle Suore Missionarie Catechiste del Sacro Cuore che \u00e8 rappresentato tramite la superiora generale o sua suora delegata che ha diritto di partecipazione al Consiglio d\u2019Amministrazione con voto consultivo.<br>I <strong>Soci docenti<\/strong>, sono i soci che prestano la loro attivit\u00e0 in modo gratuito e continuativo. I Soci Docenti possono essere italiani e\/o stranirei che si rendono disponibili alla responsabilit\u00e0 dei Corsi, Laboratori, ricerche e pubblicazioni e che siano provenienti, preferibilmente, dall\u2019insegnamento universitario (o equiparato), o da quello scolastico con una solida esperienza, o che siano esperti nel settore di competenza e che condividano le finalit\u00e0 dell\u2019UPC. I Soci docenti sono nominati dal Rettore sentito il Consiglio Accademico e secondo le ordinarie procedure comparative.<br>I <strong>Soci aderenti<\/strong>, sono tutti coloro che, avendo raggiunto la maggiore et\u00e0, chiedano di aderire all\u2019UPC \u201cMontemurro-D\u2019Ippolito\u201d per condividerne le finalit\u00e0 e partecipare alle attivit\u00e0 ed iniziative associative.<\/p>\n\n\n\n<h3 class=\"wp-block-heading\">Il Consiglio d&#8217;Amministrazione (CdA).<\/h3>\n\n\n\n<p class=\"wp-block-paragraph\">Il Consiglio di Amministrazione \u00e8 eletto dall\u2019Assemblea dei Soci in numero variabile dai 3 (tre) ai 7 (sette) membri. I membri del Consiglio di Amministrazione durano in carica CINQUE anni e sono rieleggibili come previsto nell\u2019art. 08 comma 03 dello Statuto. Se risulta vacante la carica di uno o pi\u00f9 consiglieri, il Consiglio di Amministrazione provvede alla sostituzione nominando al loro posto il socio o soci che nell\u2019ultima elezione assembleare seguono nella graduatoria, oppure provvede a convocare l\u2019Assemblea per l\u2019elezione dei consiglieri in sostituzione dei dimissionari. Tutti i membri del Consiglio di Amministrazione, indipendentemente dalla loro elezione, cessano dall\u2019incarico allo scadere del mandato del Consiglio di Amministrazione in seno al quale sono stati eletti. Al Consiglio di Amministrazione compete: a) eleggere, nella prima riunione al suo interno e su proposta del Presidente eletto, il Vice Presidente, il Segretario, il Tesoriere, conferire le deleghe agli altri Consiglieri eventualmente eletti; ratificare la nomina del Rettore dell\u2019UPC \u201cMontemurro-D\u2019Ippolito\u201d su proposta del Presidente; proporre all\u2019Assemblea la quota associativa annuale; curare la formazione del rendiconto gestionale e del bilancio preventivo da sottoporre all\u2019approvazione dell\u2019Assemblea degli Associati; deliberare le spese e gestire l\u2019ordinaria e la straordinaria amministrazione, nel rispetto della normativa vigente; approvare il programma dei corsi e dei laboratori indicato dal Rettore e ratificare le nomine dei docenti; elaborare proposte di modifica dello Statuto, da sottoporre all\u2019Assemblea straordinaria, e approvare i Regolamenti interni previsti; approvare, su proposta del Presidente, le richieste di concessione di Emblema Araldico secondo la normativa vigente; approvare, su proposta del Presidente, l\u2019\u201cinno\u201d dell\u2019UPC; adottare, in caso di assoluta urgenza, deliberazioni di competenza dell\u2019Assemblea degli Associati sottoponendole alla ratifica nella prima riunione dell\u2019Assemblea stessa; disporre, secondo la gravit\u00e0 di fatti contestati, l\u2019adozione a carico degli Associati e di coloro che prestano volontaria collaborazione con l\u2019UPC, di provvedimenti disciplinari da far ratificare all\u2019Assemblea; approvare l\u2019istituzione di Premi, Borse di Studio o di Ricerca, Concorsi e quant\u2019altro rientri nelle attivit\u00e0 e negli scopi statutari per la promozione umana e socio-culturale; istituire, nel rispetto della normativa vigente in materia, onorificenze interne volte a premiare il particolare impegno dei soci pi\u00f9 meritevoli distintisi nel sostenere e promuovere le attivit\u00e0 associative e statutarie; pu\u00f2 deliberare di chiedere all\u2019Autorit\u00e0 competente la nomina di un Consigliere ecclesiastico che coordini le attivit\u00e0 specificatamente spirituali o religiose, nel rispetto di ogni Confessione religiosa e nell\u2019intento di favorire percorsi di pacifico dialogo culturale ed interreligioso tra le Fedi. <\/p>\n\n\n\n<p class=\"wp-block-paragraph\">Il CdA \u00e8 composto da (anni 2022-2027)<\/p>\n\n\n\n<div class=\"wp-block-media-text alignwide is-stacked-on-mobile is-vertically-aligned-top\" style=\"grid-template-columns:33% auto\"><figure class=\"wp-block-media-text__media\"><img loading=\"lazy\" decoding=\"async\" width=\"253\" height=\"326\" src=\"https:\/\/www.uniupc.it\/wp-content\/uploads\/2023\/02\/Foto_CiroROMANO.jpg\" alt=\"\" class=\"wp-image-311 size-full\" srcset=\"https:\/\/www.uniupc.it\/wp-content\/uploads\/2023\/02\/Foto_CiroROMANO.jpg 253w, https:\/\/www.uniupc.it\/wp-content\/uploads\/2023\/02\/Foto_CiroROMANO-233x300.jpg 233w\" sizes=\"auto, (max-width: 253px) 100vw, 253px\" \/><\/figure><div class=\"wp-block-media-text__content\">\n<p class=\"wp-block-paragraph\">Il <strong>Cav. Prof. Ciro ROMANO<\/strong> (<a href=\"https:\/\/unina.academia.edu\/CiroRomano\">https:\/\/unina.academia.edu\/CiroRomano<\/a>) <strong>\u00e8 il Magnifico Rettore e Presidente del CdA dell&#8217;Universit\u00e0<\/strong>. Dopo la laurea con lode presso l&#8217;Univ. &#8220;Federico II&#8221; di Napoli, si \u00e8 perfezionato in <em>Saperi Storici e Nuove Tecnologie<\/em> ed in <em>Didattica dell&#8217;Italiano come lingua straniera<\/em>. Dopo gli studi dottorali in Finalndia ed in Canada, ha prestato la sua opera didattica e di ricerca afferendo alle cattedre di Storia Moderna, Storia Bizantina, e Paleografia presso il Dip. Studi Umanistici dell\u2019Univ. &#8220;Federico II&#8221; di Napoli. Ha ricoperto il ruolo S<em>upport project manager <\/em>presso l&#8217;ENARC Ente per la cooperazione e ricerca archivistica (ENARC, <a href=\"http:\/\/www.recruitdigitaldoc.org\/staff\/\">http:\/\/www.recruitdigitaldoc.org\/staff\/<\/a>) c\/o l\u2019Univ. &#8220;Federico II&#8221; di Napoli. Perito presso la Camera di Commercio di ROMA e di LATINA-FROSINONE in ARALDICA e MANOSCRITTI-CODICI-LIBRI-RILEGATURE. Ha conseguito il Diploma di Postulatore delle Cause dei Santi (presso la Citt\u00e0 del Vaticano), \u00e8 Idoneo al grado di Ufficiale nella Marina Militare Italiana. Accademico della Pontificia Accademia Mariana Internazionale (Vaticano) e dell\u2019Accademia Cosentina (istituzione storica italiana fondata dal filosofo Bernardino Telesio). E&#8217; Ordinario presso Fondazione Maltese &#8220;Sacra Militia&#8221;, socio Ordinario delle Societ\u00e0 di Storia Patria Napoletana e Calabrese. Direttore dell\u2019Archivio Storico e dell\u2019annesso Centro Studi delle Suore Missionarie Catechiste del Sacro Cuore (di diritto pontificio), \u00e8 il Vice-Presidente del <a href=\"https:\/\/www.facebook.com\/people\/Icarus-Italia-APS\/100070234811584\/\" data-type=\"URL\" data-id=\"https:\/\/www.facebook.com\/people\/Icarus-Italia-APS\/100070234811584\/\">programma di ricerca Icarus-Italia<\/a>, ed membro del <a href=\"https:\/\/www.studiumanistici.unina.it\/dipartimento\/strutture-dipartimento\/laboratori-e-archivi\/dsw-lab-documenti-storici-nel-web-e-altrove\/\" data-type=\"URL\" data-id=\"https:\/\/www.studiumanistici.unina.it\/dipartimento\/strutture-dipartimento\/laboratori-e-archivi\/dsw-lab-documenti-storici-nel-web-e-altrove\/\">DSW Lab. Documenti storici nel Web<\/a> dell&#8217;Univ. &#8220;Federico II&#8221; di Napoli. <\/p>\n\n\n\n<p class=\"wp-block-paragraph\">Il Rettore prof. Ciro Romano ha ricoperto, inoltre, i seguenti incarichi:<\/p>\n\n\n\n<ul class=\"wp-block-list\">\n<li>Rettore <em>ad interim<\/em> dell\u2019Universit\u00e0 Sperimentale Decentrata per le Tre Et\u00e0 (ente privato per la promozione sociale, riconosciuto da Delibera della Giunta Regionale Campana).<\/li>\n\n\n\n<li>Ispettore Nazionale delle Guardie d\u2019Onore al Pantheon (Ente Min. Difesa) con delega (negli anni, all\u2019Archivio Storico, alla Cultura, ai Giovani, alla Comunicazione)<\/li>\n\n\n\n<li>Delegato alle attivit\u00e0 istituzionali e culturali dell\u2019Ist. Ausiliarie della Madonna (ente di diritto diocesano).<\/li>\n\n\n\n<li>Delegato Regionale Campano della Reale Arciconfraternita dei SS. Giovanni Battista ed Evangelista dei Cavalieri di Malta ad honorem di Catanzaro (aggregata all\u2019Arcibasilica Lateranense).<\/li>\n<\/ul>\n\n\n\n<p class=\"wp-block-paragraph\">Tra le sue pubblicazioni si segnalano: \u201c<em>L\u2019 Europa, origini medievali e attualit\u00e0<\/em>\u201d, Napoli 2004 Dipartimento di Analisi delle Dinamiche Ambientali e Territoriali Univ. \u201cFederico II\u201d;  \u201c<em>L\u2019Europa tra storia e politica. Il medioevo momento fondamentale<\/em>\u201d, in Scheria Anni XII-XIII, nn. 28-29, Citta del Sole Napoli 2006 Istituto Italiano per gli studi filosofici di Napoli; \u201c<em>Gli Ordini Cavallereschi e i valori attuali della cavalleria religiosa<\/em>\u201d in Nova Historica, rivista internazionale di Storia, n\u00b028 Anno 8-2009, Roma 2009; \u201c<em>A proposito de \u2018I templari. Soldati di Cristo o del Demonio?\u2019<\/em> \u201d in Periferia, rivista quadrimestrale di cultura, n.2(72) anno 2009; \u201c<em>Le bullae nella prassi giuridica e cancelleresca della chiesa medievale<\/em>\u201d in Bulla Sennetis Episcopo Casertano, atti della giornata di studi per il 900\u00b0 anniversario della bolla di Senne, Quaderni Campano-Sannitci XI, a cura di Domenico Caizza e Pietro Di Lorenzo, Caserta 2013 (ISBN 9788863770087); <em>La descrizione di una provincia del Regno di Napoli, la Calabria Ultra, in una relazione di fine settecento<\/em> in Delli Aspetti de Paesi Vecchi e nuovi Media per l\u2019Immagine del Paesaggio, tomo I, a cura di Annunziata Berrino e Alfredo Buccaro, 2016 Centro Interdipartimentale di Ricerca sull\u2019Iconografia della Citt\u00e0 Europea Universit\u00e0 degli Studi di Napoli Federico II; <em>Carlo di Borbone e i suoi ordini cavallereschi: politica della fedelt\u00e0 e costruzione dello Stato <\/em>in AA.VV. Carlo di Borbone con un saggio di Mastriani e il discorso funebre dell&#8217;Arcivescovo G. M. Capece Zurlo, D&#8217;Amico Editore, Nocera Superiore 2016;  <em>Inquisitore e Vescovo a Malta: conflitti e competenze dai documenti della Corte di Napoli<\/em>, in \u201cThe Roman Inquisition in Malta and Elsewhere\u201d, pp. 238-247, La Valletta 2017; <em>Gerhard Rohlfs e l\u2019approccio storico-culturale alla Calabria<\/em>, in \u201cOld Calabria. Viaggiatori in Italia Meridionale e Sicilia tra il XIX e gli inizi del XX secolo\u201d, a cura di C. Malacrin\u00f2 e A. Quattrocchi, 2019 Marc Edizioni Scientifiche Reggio Calabria; <em>Les confr\u00e9ries d\u2019assistance aux p\u00e8lerins dans le royaume de Naples (XVI-XVIII si\u00e8cles)<\/em>, in \u201cMobilit\u00e9s en M\u00e9diterran\u00e9e\u201d, a cura di A. Brogini \u2013 M. Ghazali \u2013 S. Potot, Ed. Bouch\u00e8ne, S. Denis 2020;  <em>L\u2019apostolato mariano e l\u2019impegno sociale del gesuita p. Francesco S.M. D\u2019Aria. I suoi scritti ne \u2018L\u2019Ora della Madonna\u2019<\/em>, Ed. Solfanelli, Chieti, 2021; <em>Epistolario di madre Maria della Santa Croce, <\/em>Ed. Effat\u00e0, Torino, 2020; <em>Padre Francesco Saverio Maria D\u2019Aria SJ, fondatore delle Ausiliarie della Madonna<\/em>, Ed. VELAR, Bergamo 2019; <em>Madre Maria della Santa Croce, prima superiora generale delle Suore Missionarie Catechiste del S. Cuore<\/em>, Ed. VELAR, Bergamo, 2019.<\/p>\n<\/div><\/div>\n\n\n\n<div class=\"wp-block-media-text alignwide has-media-on-the-right is-stacked-on-mobile is-vertically-aligned-top\" style=\"grid-template-columns:auto 29%\"><div class=\"wp-block-media-text__content\">\n<p class=\"wp-block-paragraph\">Vicepresidente (con delega all&#8217;europrogettazione) dell&#8217; UNIUPC \u00e8 l&#8217;<strong>avv. dott.ssa<\/strong> <strong>Maria Giovanna Romaniello<\/strong>.  Avvocato dal 1996, dal 1999 al 2002 ha lavorato nella progettazione, gestione e rendicontazione di progetti finanziati dal FSE per l\u2019Ente di formazione Padre Giuseppe Giampietro. Euro-progettista senior, dal 2000 lavora nell\u2019ambito di progetti finanziati dai Programmi comunitari relativi all\u2019educazione alla cultura. E&#8217; coautrice di numerosi manuali per insegnanti e formatori che racchiudono esperienze didattiche sviluppo di metodologie innovative su tematiche diverse dall\u2019educazione alla cittadinanza attiva, all\u2019educazione all\u2019imprenditorialit\u00e0.<br>E\u2019 consulente per la progettazione europea di Comuni, consorzi di Comuni, Fondazioni, Enti di formazione e scuole di ogni ordine e grado nonch\u00e9 di enti del terzo settore. Co-fondatore nel 2000 della <a href=\"https:\/\/www.luetec.org\/en\/about-us\/\" data-type=\"URL\" data-id=\"https:\/\/www.luetec.org\/en\/about-us\/\">LUETEC Libera Universit\u00e0 Europea Terza Et\u00e0 Campania<\/a> della quale \u00e8 presidente e legale rappresentante p.t., \u00e8 vice-presidente della LUETEB con delega all\u2019euro-progettazione sin dal 1998. Per la LUETEB ha curato la pubblicazione delle seguenti libri che raccontano il<br>territorio: Satriano si racconta (uno storytelling collettivo sulla vita nel secondo dopoguerra a Satriano) \u201cRimedi senza et\u00e0\u201d( uno spaccato sui rimedi naturali la medicina popolare lucana) La voce di San Rocco (raccolta e pubblicazione di un bollettino parrocchiale che racconta la vita spirituale di una piccola comunit\u00e0) la guida turistica nuovi itinerari religiosi in Basilicata per il Gal Marmo MELANDRO. Nel triennio 2006-2009 \u00e8 stata componente del direttivo nazionale della FEDERUNI (Federazione Italiana tra le Universit\u00e0 della terza et\u00e0).<br>Dal 2020 \u00e8 presidente di ENJOY European Network Societ\u00e0 Cooperativa Sociale cooperativa una start up nel settore dell\u2019animazione educativa territoriale e nella gestione di spazi pubblici e privati destinati ad attivit\u00e0 culturali, ricreative, educative e di aggregazione per il tempo libero.<br><\/p>\n\n\n\n<div class=\"wp-block-media-text alignwide is-stacked-on-mobile\" style=\"grid-template-columns:63% auto\"><figure class=\"wp-block-media-text__media\"><img loading=\"lazy\" decoding=\"async\" width=\"329\" height=\"514\" src=\"https:\/\/www.uniupc.it\/wp-content\/uploads\/2023\/03\/Prof.ssa_Filippis_Segretaria.jpg\" alt=\"\" class=\"wp-image-315 size-full\" srcset=\"https:\/\/www.uniupc.it\/wp-content\/uploads\/2023\/03\/Prof.ssa_Filippis_Segretaria.jpg 329w, https:\/\/www.uniupc.it\/wp-content\/uploads\/2023\/03\/Prof.ssa_Filippis_Segretaria-192x300.jpg 192w\" sizes=\"auto, (max-width: 329px) 100vw, 329px\" \/><\/figure><div class=\"wp-block-media-text__content\">\n<p class=\"wp-block-paragraph\">La segretaria generale dell&#8217;UPC \u00e8 la <strong>dott.ssa prof.ssa Maria Filippis<\/strong>, cavaliere al merito della Repubblica (OMRI). Laureata in Biologia e Specializzata in Microbiologia presso l&#8217;Universit\u00e0 &#8220;Federico II&#8221; \u00e8 stata docente di ruolo di Matematica e Scienze ricoprendo anche l&#8217;incarico di vice-preside dell&#8217;Istituto Comprensivo &#8220;Francesco d&#8217;Assisi&#8221; di Sant&#8217;Anastasia (Na).<\/p>\n<\/div><\/div>\n<\/div><figure class=\"wp-block-media-text__media\"><img loading=\"lazy\" decoding=\"async\" width=\"383\" height=\"636\" src=\"https:\/\/www.uniupc.it\/wp-content\/uploads\/2023\/03\/Foto_MG_ROMANIELLO-1.jpg\" alt=\"\" class=\"wp-image-314 size-full\" srcset=\"https:\/\/www.uniupc.it\/wp-content\/uploads\/2023\/03\/Foto_MG_ROMANIELLO-1.jpg 383w, https:\/\/www.uniupc.it\/wp-content\/uploads\/2023\/03\/Foto_MG_ROMANIELLO-1-181x300.jpg 181w\" sizes=\"auto, (max-width: 383px) 100vw, 383px\" \/><\/figure><\/div>\n\n\n\n<div class=\"wp-block-media-text alignwide is-stacked-on-mobile\" style=\"grid-template-columns:15% auto\"><figure class=\"wp-block-media-text__media\"><img loading=\"lazy\" decoding=\"async\" width=\"122\" height=\"222\" src=\"https:\/\/www.uniupc.it\/wp-content\/uploads\/2023\/03\/SuorALBA.jpg\" alt=\"\" class=\"wp-image-316 size-full\"\/><\/figure><div class=\"wp-block-media-text__content\">\n<p class=\"wp-block-paragraph\">La <strong>rev.da Suor Alba Delli Paoli<\/strong>, insegnante di ruolo nelle scuole elementari, \u00e8 la consigliera delegata dell&#8217;UPC, rappresentate l&#8217;Istituto delle Suore Missionarie Catechiste del Sacro Cuore (di diritto pontificio), \u00e8 la direttrice didattica <a href=\"https:\/\/www.mcscassanoportici.it\/\">della Scuola Paritaria &#8220;Sacro Cuore&#8221; <\/a>di Portici (Na) <\/p>\n<\/div><\/div>\n\n\n\n<div data-wp-interactive=\"core\/file\" class=\"wp-block-file\"><object data-wp-bind--hidden=\"!state.hasPdfPreview\" hidden class=\"wp-block-file__embed\" data=\"https:\/\/www.uniupc.it\/wp-content\/uploads\/2023\/03\/Domanda_Adesione_Uni_Montemurro_DIppolito.pdf\" type=\"application\/pdf\" style=\"width:100%;height:600px\" aria-label=\"Incorporamento di Domanda_Adesione_Uni_Montemurro_DIppolito.\"><\/object><a id=\"wp-block-file--media-3f78f051-abcd-491f-9e0d-de2a2f329bd9\" href=\"https:\/\/www.uniupc.it\/wp-content\/uploads\/2023\/03\/Domanda_Adesione_Uni_Montemurro_DIppolito.pdf\">Domanda_Adesione_Uni_Montemurro_DIppolito<\/a><a href=\"https:\/\/www.uniupc.it\/wp-content\/uploads\/2023\/03\/Domanda_Adesione_Uni_Montemurro_DIppolito.pdf\" class=\"wp-block-file__button wp-element-button\" download aria-describedby=\"wp-block-file--media-3f78f051-abcd-491f-9e0d-de2a2f329bd9\">Download<\/a><\/div>\n","protected":false},"excerpt":{"rendered":"<p>Ai sensi dello Statuto vigente gli organi dell&#8217;Universit\u00e0 sono (art. 6 dello Statuto): L&#8217;Assemblea dei Soci (Soci fondatori, soci onorari, soci docenti e soci aderenti), ai sensi dell&#8217;art. 8 dello Statuto; Consiglio di Amministrazione (o CdA), ai sensi dell&#8217; art. 9 dello Statuto; Consiglio Accademico, ai sensi dell&#8217;art. 13 dello Statuto; Comitato d&#8217;Onore, art. 5&hellip;<\/p>\n","protected":false},"author":1,"featured_media":0,"comment_status":"closed","ping_status":"closed","sticky":false,"template":"","format":"standard","meta":{"_themeisle_gutenberg_block_has_review":false,"footnotes":""},"categories":[1],"tags":[],"class_list":["post-152","post","type-post","status-publish","format-standard","hentry","category-uncategorized"],"_links":{"self":[{"href":"https:\/\/www.uniupc.it\/index.php?rest_route=\/wp\/v2\/posts\/152","targetHints":{"allow":["GET"]}}],"collection":[{"href":"https:\/\/www.uniupc.it\/index.php?rest_route=\/wp\/v2\/posts"}],"about":[{"href":"https:\/\/www.uniupc.it\/index.php?rest_route=\/wp\/v2\/types\/post"}],"author":[{"embeddable":true,"href":"https:\/\/www.uniupc.it\/index.php?rest_route=\/wp\/v2\/users\/1"}],"replies":[{"embeddable":true,"href":"https:\/\/www.uniupc.it\/index.php?rest_route=%2Fwp%2Fv2%2Fcomments&post=152"}],"version-history":[{"count":16,"href":"https:\/\/www.uniupc.it\/index.php?rest_route=\/wp\/v2\/posts\/152\/revisions"}],"predecessor-version":[{"id":475,"href":"https:\/\/www.uniupc.it\/index.php?rest_route=\/wp\/v2\/posts\/152\/revisions\/475"}],"wp:attachment":[{"href":"https:\/\/www.uniupc.it\/index.php?rest_route=%2Fwp%2Fv2%2Fmedia&parent=152"}],"wp:term":[{"taxonomy":"category","embeddable":true,"href":"https:\/\/www.uniupc.it\/index.php?rest_route=%2Fwp%2Fv2%2Fcategories&post=152"},{"taxonomy":"post_tag","embeddable":true,"href":"https:\/\/www.uniupc.it\/index.php?rest_route=%2Fwp%2Fv2%2Ftags&post=152"}],"curies":[{"name":"wp","href":"https:\/\/api.w.org\/{rel}","templated":true}]}}